{"provider_url": "https://www.valenca.ba.leg.br", "title": "Perguntas Frequentes", "html": "<h2></h2>\r\n<ol>\r\n<li><a class=\"anchor-link\" href=\"#o-que---bancada-\" target=\"_self\" title=\"\">Este \u00e9 bancada?</a></li>\r\n<li><a class=\"anchor-link\" href=\"#o-que---comiss-o-\" target=\"_self\" title=\"\">O que \u00e9 comiss\u00e3o?</a></li>\r\n<li><a class=\"anchor-link\" href=\"#o-que---comiss-o-especial-\" target=\"_self\" title=\"\">O que \u00e9 comiss\u00e3o especial?</a></li>\r\n<li><a class=\"anchor-link\" href=\"#o-que---comiss-o-parlamentar-de-inqu-rito-\" target=\"_self\" title=\"\">O que \u00e9 comiss\u00e3o parlamentar de inqu\u00e9rito?</a></li>\r\n<li><a class=\"anchor-link\" href=\"#o-que---comiss-o-permanente-\" target=\"_self\" title=\"\">O que \u00e9 comiss\u00e3o permanente?</a></li>\r\n<li><a class=\"anchor-link\" href=\"#o-que---comiss-o-tempor-ria-\" target=\"_self\" title=\"\">O que \u00e9 comiss\u00e3o tempor\u00e1ria?</a></li>\r\n<li><a class=\"anchor-link\" href=\"#o-que---l-der-\" target=\"_self\" title=\"\">O que \u00e9 l\u00edder?</a></li>\r\n<li><a class=\"anchor-link\" href=\"#o-que---l-der-do-governo-\" target=\"_self\" title=\"\">O que \u00e9 l\u00edder do governo?</a></li>\r\n<li><a class=\"anchor-link\" href=\"#o-que---mesa-diretora-\" target=\"_self\" title=\"\">O que \u00e9 Mesa Diretora?</a></li>\r\n<li><a class=\"anchor-link\" href=\"#o-que---norma-jur-dica-\" target=\"_self\" title=\"\">O que \u00e9 norma jur\u00eddica?</a></li>\r\n<li><a class=\"anchor-link\" href=\"#o-que---ordem-do-dia-\" target=\"_self\" title=\"\">O que \u00e9 Ordem do Dia?</a></li>\r\n<li><a class=\"anchor-link\" href=\"#o-que---ordem-do-dia-\" target=\"_self\" title=\"\">O que \u00e9 parecer?</a></li>\r\n<li><a class=\"anchor-link\" href=\"#o-que---pauta-da-ordem-do-dia-\" target=\"_self\" title=\"\">O que \u00e9 pauta da Ordem do Dia?</a></li>\r\n<li><a class=\"anchor-link\" href=\"#o-que---processo-legislativo-\" target=\"_self\" title=\"\">O que \u00e9 processo legislativo?</a></li>\r\n<li><a class=\"anchor-link\" href=\"#o-que---quorum-\" target=\"_self\" title=\"\">O que \u00e9\u00a0<em>quorum</em>?</a></li>\r\n<li><a class=\"anchor-link\" href=\"#o-que---recesso-parlamentar-\" target=\"_self\" title=\"\">O que \u00e9 recesso parlamentar<em></em>?</a></li>\r\n<li><a class=\"anchor-link\" href=\"#o-que---regimento-interno-\" target=\"_self\" title=\"\">O que \u00e9 Regimento Interno?</a></li>\r\n<li><a class=\"anchor-link\" href=\"#o-que---sess-o-legislativa-\" target=\"_self\" title=\"\">O que \u00e9 sess\u00e3o legislativa?</a></li>\r\n<li><a class=\"anchor-link\" href=\"#o-que---sess-o-plen-ria-\" target=\"_self\" title=\"\">O que \u00e9 sess\u00e3o plen\u00e1ria?</a></li>\r\n<li><a class=\"anchor-link\" href=\"#o-que---sess-o-plen-ria-especial-\" target=\"_self\" title=\"\">O que \u00e9 sess\u00e3o plen\u00e1ria especial?</a></li>\r\n<li><a class=\"anchor-link\" href=\"#o-que---sess-o-plen-ria-extraordin-ria-\" target=\"_self\" title=\"\">O que \u00e9 sess\u00e3o plen\u00e1ria extraordin\u00e1ria?</a></li>\r\n<li><a class=\"anchor-link\" href=\"#o-que---sess-o-plen-ria-ordin-ria-\" target=\"_self\" title=\"\">O que \u00e9 sess\u00e3o plen\u00e1ria ordin\u00e1ria?</a></li>\r\n<li><a class=\"anchor-link\" href=\"#o-que---sess-o-plen-ria-solene-\" target=\"_self\" title=\"\">O que \u00e9 sess\u00e3o plen\u00e1ria solene?</a></li>\r\n<li><a class=\"anchor-link\" href=\"#o-que---tramita--o-\" target=\"_self\" title=\"\">O que \u00e9 tramita\u00e7\u00e3o?</a></li>\r\n<li><a class=\"anchor-link\" href=\"#o-que---urg-ncia-\" target=\"_self\" title=\"\">O que \u00e9 urg\u00eancia?</a></li>\r\n</ol>\r\n<p>\u00a0</p>\r\n<h2>Respostas</h2>\r\n<h3 id=\"Oque\u00e9bancada\" style=\"text-align: justify; \"><a id=\"o-que---bancada-\" name=\"o-que---bancada-\"></a>O que \u00e9 bancada?</h3>\r\n<p style=\"text-align: justify; \">Bancada \u00e9 o grupo de Vereadores de um partido pol\u00edtico.</p>\r\n<h3 style=\"text-align: justify; \"><a id=\"o-que---comiss-o-\" name=\"o-que---comiss-o-\"></a>O que \u00e9 comiss\u00e3o?</h3>\r\n<p style=\"text-align: justify; \">Comiss\u00e3o \u00e9 um \u00f3rg\u00e3o t\u00e9cnico, composto de Vereadores, destinado a proceder a estudos, emitir pareceres especializados para orienta\u00e7\u00e3o do Plen\u00e1rio, realizar investiga\u00e7\u00f5es e representar o Legislativo.</p>\r\n<h3 id=\"Oque\u00e9comiss\u00e3oespecial\" style=\"text-align: justify; \"><a id=\"o-que---comiss-o-especial-\" name=\"o-que---comiss-o-especial-\"></a>O que \u00e9 comiss\u00e3o especial?</h3>\r\n<p style=\"text-align: justify; \">Comiss\u00e3o especial \u00e9 uma comiss\u00e3o tempor\u00e1ria que tem por fun\u00e7\u00e3o realizar atividade excepcional e que n\u00e3o seja da compet\u00eancia de uma comiss\u00e3o permanente.</p>\r\n<h3 id=\"Oque\u00e9comiss\u00e3oparlamentardeinqu\u00e9rito\" style=\"text-align: justify; \"><a id=\"o-que---comiss-o-parlamentar-de-inqu-rito-\" name=\"o-que---comiss-o-parlamentar-de-inqu-rito-\"></a>O que \u00e9 comiss\u00e3o parlamentar de inqu\u00e9rito?</h3>\r\n<p style=\"text-align: justify; \">Comiss\u00e3o parlamentar de inqu\u00e9rito \u00e9 uma comiss\u00e3o tempor\u00e1ria que tem por fun\u00e7\u00e3o realizar inqu\u00e9ritos, de acordo com a Lei Org\u00e2nica municipal.</p>\r\n<h3 id=\"Oque\u00e9comiss\u00e3opermanente\" style=\"text-align: justify; \"><a id=\"o-que---comiss-o-permanente-\" name=\"o-que---comiss-o-permanente-\"></a>O que \u00e9 comiss\u00e3o permanente?</h3>\r\n<p style=\"text-align: justify; \">Comiss\u00e3o permanente \u00e9 aquela que atua permanentemente e de acordo com as atribui\u00e7\u00f5es definidas no Regimento Interno.</p>\r\n<h3 id=\"Oque\u00e9comiss\u00e3otempor\u00e1ria\" style=\"text-align: justify; \"><a id=\"o-que---comiss-o-tempor-ria-\" name=\"o-que---comiss-o-tempor-ria-\"></a>O que \u00e9 comiss\u00e3o tempor\u00e1ria?</h3>\r\n<p style=\"text-align: justify; \">Comiss\u00e3o tempor\u00e1ria \u00e9 aquela destinada a tratar de assuntos excepcionais que n\u00e3o sejam da compet\u00eancia de comiss\u00e3o permanente.</p>\r\n<h3 id=\"Oque\u00e9l\u00edder\" style=\"text-align: justify; \"><a id=\"o-que---l-der-\" name=\"o-que---l-der-\"></a>O que \u00e9 l\u00edder?</h3>\r\n<p style=\"text-align: justify; \">L\u00edder \u00e9 o Vereador escolhido por uma bancada ou bloco com assento na C\u00e2mara para represent\u00e1-la quando for o caso e indicar membros dela para compor comiss\u00f5es.</p>\r\n<h3 id=\"Oque\u00e9l\u00edderdogoverno\" style=\"text-align: justify; \"><a id=\"o-que---l-der-do-governo-\" name=\"o-que---l-der-do-governo-\"></a>O que \u00e9 l\u00edder do governo?</h3>\r\n<p style=\"text-align: justify; \">L\u00edder do governo \u00e9 o porta-voz do Prefeito na C\u00e2mara Municipal.</p>\r\n<h3 id=\"Oque\u00e9MesaDiretora\" style=\"text-align: justify; \"><a id=\"o-que---mesa-diretora-\" name=\"o-que---mesa-diretora-\"></a>O que \u00e9 Mesa Diretora?</h3>\r\n<p style=\"text-align: justify; \">Mesa Diretora \u00e9 uma comiss\u00e3o de Vereadores que tem por atribui\u00e7\u00e3o a dire\u00e7\u00e3o administrativa da C\u00e2mara Municipal.</p>\r\n<h3 id=\"Oque\u00e9normajur\u00eddica\" style=\"text-align: justify; \"><a id=\"o-que---norma-jur-dica-\" name=\"o-que---norma-jur-dica-\"></a>O que \u00e9 norma jur\u00eddica?</h3>\r\n<p style=\"text-align: justify; \">Norma jur\u00eddica \u00e9 um preceito obrigat\u00f3rio imposto ou reconhecido como tal pelo Estado e que objetiva a vontade social manifestada imperativamente a todos pelo Estado.</p>\r\n<h3 id=\"Oque\u00e9OrdemdoDia\" style=\"text-align: justify; \"><a id=\"o-que---ordem-do-dia-\" name=\"o-que---ordem-do-dia-\"></a>O que \u00e9 Ordem do Dia?</h3>\r\n<p style=\"text-align: justify; \">Ordem do Dia \u00e9 a parte da sess\u00e3o plen\u00e1ria destinada a discuss\u00e3o e vota\u00e7\u00e3o de proposi\u00e7\u00f5es.</p>\r\n<h3 id=\"Oque\u00e9parecer\" style=\"text-align: justify; \"><a id=\"o-que---parecer-\" name=\"o-que---parecer-\"></a>O que \u00e9 parecer?</h3>\r\n<p style=\"text-align: justify; \">Parecer \u00e9 um documento pelo qual uma Comiss\u00e3o relata, examina e opina conclusivamente sobre uma mat\u00e9ria.</p>\r\n<h3 id=\"Oque\u00e9pautadaOrdemdoDia\" style=\"text-align: justify; \"><a id=\"o-que---pauta-da-ordem-do-dia-\" name=\"o-que---pauta-da-ordem-do-dia-\"></a>O que \u00e9 pauta da Ordem do Dia?</h3>\r\n<p style=\"text-align: justify; \">Pauta da Ordem do Dia \u00e9 o documento pr\u00e9vio que discrimina as mat\u00e9rias a serem apreciadas nessa parte da sess\u00e3o plen\u00e1ria.</p>\r\n<h3 id=\"Oque\u00e9processolegislativo\" style=\"text-align: justify; \"><a id=\"o-que---processo-legislativo-\" name=\"o-que---processo-legislativo-\"></a>O que \u00e9 processo legislativo?</h3>\r\n<p style=\"text-align: justify; \">Processo legislativo \u00e9 a sucess\u00e3o de atos realizados para produ\u00e7\u00e3o de normas jur\u00eddicas.</p>\r\n<h3 id=\"Oque\u00e9quorum\" style=\"text-align: justify; \"><a id=\"o-que---quorum-\" name=\"o-que---quorum-\"></a>O que \u00e9\u00a0<em>quorum</em>?</h3>\r\n<p style=\"text-align: justify; \"><em>Quorum</em>\u00a0\u00e9 o n\u00famero m\u00ednimo de Vereadores presentes necess\u00e1rio para a realiza\u00e7\u00e3o de sess\u00e3o ou reuni\u00e3o de comiss\u00e3o, ou para realiza\u00e7\u00e3o de vota\u00e7\u00e3o.</p>\r\n<h3 id=\"Oque\u00e9recessoparlamentar\" style=\"text-align: justify; \"><a id=\"o-que---recesso-parlamentar-\" name=\"o-que---recesso-parlamentar-\"></a>O que \u00e9 recesso parlamentar?</h3>\r\n<p style=\"text-align: justify; \">Recesso parlamentar \u00e9 a interrup\u00e7\u00e3o tempor\u00e1ria dos trabalhos legislativos, realizada no per\u00edodo definido no Regimento Interno.</p>\r\n<h3 id=\"Oque\u00e9RegimentoInterno\" style=\"text-align: justify; \"><a id=\"o-que---regimento-interno-\" name=\"o-que---regimento-interno-\"></a>O que \u00e9 Regimento Interno?</h3>\r\n<p style=\"text-align: justify; \">Regimento Interno \u00e9 a norma jur\u00eddica que regula o funcionamento da C\u00e2mara Municipal.</p>\r\n<h3 id=\"Oque\u00e9sess\u00e3olegislativa\" style=\"text-align: justify; \"><a id=\"o-que---sess-o-legislativa-\" name=\"o-que---sess-o-legislativa-\"></a>O que \u00e9 sess\u00e3o legislativa?</h3>\r\n<p style=\"text-align: justify; \">Sess\u00e3o legislativa \u00e9 o per\u00edodo de trabalho legislativo definido no Regimento Interno, observado o recesso parlamentar.</p>\r\n<h3 id=\"Oque\u00e9sess\u00e3oplen\u00e1ria\" style=\"text-align: justify; \"><a id=\"o-que---sess-o-plen-ria-\" name=\"o-que---sess-o-plen-ria-\"></a>O que \u00e9 sess\u00e3o plen\u00e1ria?</h3>\r\n<p style=\"text-align: justify; \">Sess\u00e3o plen\u00e1ria \u00e9 uma reuni\u00e3o dos Vereadores.</p>\r\n<h3 id=\"Oque\u00e9sess\u00e3oplen\u00e1riaespecial\" style=\"text-align: justify; \"><a name=\"o-que---sess-o-plen-ria-especial-\"></a><a id=\"o-que---sess-o-plen-ria-especial-\" name=\"o-que---sess-o-plen-ria-especial-\"></a>O que \u00e9 sess\u00e3o plen\u00e1ria especial?</h3>\r\n<p style=\"text-align: justify; \">Sess\u00e3o plen\u00e1ria especial \u00e9 aquela destinada exclusivamente \u00e0 realiza\u00e7\u00e3o de atividades espec\u00edficas.</p>\r\n<h3 id=\"Oque\u00e9sess\u00e3oplen\u00e1riaextraordin\u00e1ria\" style=\"text-align: justify; \"><a name=\"o-que---sess-o-plen-ria-extraordin-ria-\"></a><a id=\"o-que---sess-o-plen-ria-extraordin-ria-\" name=\"o-que---sess-o-plen-ria-extraordin-ria-\"></a>O que \u00e9 sess\u00e3o plen\u00e1ria extraordin\u00e1ria?</h3>\r\n<p style=\"text-align: justify; \">Sess\u00e3o plen\u00e1ria extraordin\u00e1ria \u00e9 aquela realizada em dia ou hora diferentes da sess\u00e3o plen\u00e1ria ordin\u00e1ria para tratar exclusivamente dos assuntos que motivaram a convoca\u00e7\u00e3o dos parlamentares.</p>\r\n<h3 id=\"Oque\u00e9sess\u00e3oplen\u00e1riaextraordin\u00e1ria\" style=\"text-align: justify; \"><a name=\"o-que---sess-o-plen-ria-ordin-ria-\"></a><a id=\"o-que---sess-o-plen-ria-ordin-ria-\" name=\"o-que---sess-o-plen-ria-ordin-ria-\"></a>O que \u00e9 sess\u00e3o plen\u00e1ria ordin\u00e1ria?</h3>\r\n<p style=\"text-align: justify; \">Sess\u00e3o plen\u00e1ria ordin\u00e1ria \u00e9 aquela realizada \u00e0s segundas-feiras, \u00e0s 19h.</p>\r\n<h3 id=\"Oque\u00e9sess\u00e3oplen\u00e1riasolene\" style=\"text-align: justify; \"><a name=\"o-que---sess-o-plen-ria-solene-\"></a><a id=\"o-que---sess-o-plen-ria-solene-\" name=\"o-que---sess-o-plen-ria-solene-\"></a>O que \u00e9 sess\u00e3o plen\u00e1ria solene?</h3>\r\n<p style=\"text-align: justify; \">Sess\u00e3o plen\u00e1ria solene \u00e9 aquela destinada \u00e0 instala\u00e7\u00e3o da Legislatura, posse do Prefeito e do Vice-Prefeito, ou \u00e0 realiza\u00e7\u00e3o de comemora\u00e7\u00f5es ou homenagens.</p>\r\n<h3 id=\"Oque\u00e9tramita\u00e7\u00e3o\" style=\"text-align: justify; \"><a name=\"o-que---tramita--o-\"></a><a id=\"o-que---tramita--o-\" name=\"o-que---tramita--o-\"></a>O que \u00e9 tramita\u00e7\u00e3o?</h3>\r\n<p style=\"text-align: justify; \">Tramita\u00e7\u00e3o \u00e9 o curso de uma proposi\u00e7\u00e3o legislativa de acordo com as normas constitucionais e as estabelecidas pelo Regimento Interno.</p>\r\n<h3 id=\"Oque\u00e9urg\u00eancia\" style=\"text-align: justify; \"><a name=\"o-que---urg-ncia-\"></a><a id=\"o-que---urg-ncia-\" name=\"o-que---urg-ncia-\"></a>O que \u00e9 urg\u00eancia?</h3>\r\n<p style=\"text-align: justify; \">Urg\u00eancia \u00e9 o regime de tramita\u00e7\u00e3o em que o Poder Legislativo tem o prazo de de 45 dias para apreciar uma proposi\u00e7\u00e3o legislativa.</p>", "author_name": "", "version": "1.0", "author_url": "https://www.valenca.ba.leg.br/author/vln", "provider_name": "C\u00e2mara Municipal de Valen\u00e7a-Ba", "type": "rich"}