{"provider_url": "https://www.valenca.ba.leg.br", "title": "C\u00e2mara de Valen\u00e7a aprova o Plano de Reestrutura\u00e7\u00e3o Administrativa do seu Quadro de Servidores", "html": "<p style=\"text-align: justify; \">Antiga reivindica\u00e7\u00e3o dos Servidores da C\u00e2mara Municipal de Valen\u00e7a, o plano de reorganiza\u00e7\u00e3o e reestrutura\u00e7\u00e3o administrativa do seu quadro foi aprovado na Sess\u00e3o Ordin\u00e1ria do dia 23 de maio. Segundo o Presidente Luiz Andrade (PR), o projeto foi um compromisso assumido em gest\u00f5es anteriores e, agora, consumado na sua administra\u00e7\u00e3o. O presidente agradeceu o empenho da Comiss\u00e3o Especial de Reformula\u00e7\u00e3o, composta pelo vereador Adailton Francisco (PT) e funcion\u00e1rios da Casa, pelo empenho e aos demais vereadores que aprovaram a mat\u00e9ria.</p>\r\n<p style=\"text-align: justify; \">Projeto de Lei n\u00ba 13/2017, o plano disp\u00f5e sobre temas como estrutura funcional, administra\u00e7\u00e3o do quadro, fun\u00e7\u00f5es gratificadas, jornada de trabalho, capacita\u00e7\u00e3o, est\u00e1gio probat\u00f3rio, estabilidade do cargo, entre outros. \u201c<i>N\u00f3s nos empenhamos bastante, junto com a Mesa, com os Servidores e com a Procuradora, Dr.\u00aa Samanta Queiroz. Fizemos nosso melhor e o resultado foi muito bom</i>\u201d, disse o vereador Adailton.</p>\r\n<p style=\"text-align: justify; \">O Servidor Vitor Rocha, membro da Comiss\u00e3o Especial, destacou o momento: \u201c<i>A aprova\u00e7\u00e3o desta lei \u00e9 um marco no que tange a estabelecer um legislativo mais moderno, tendo em vista o cumprimento dos deveres para com a atividade p\u00fablica</i>\u201d, afirmou.</p>\r\n<p style=\"text-align: justify; \">O Presidente Luiz ressaltou que o projeto \u00e9 fundamental para os servidores efetivos. \u201c<i>Sabemos que se trata de um importante passo para que possamos, cada vez mais, valorizar os profissionais desta Casa, pois al\u00e9m de dedicados, s\u00e3o disciplinados e respons\u00e1veis. Al\u00e9m disso, s\u00e3o eles que contribuem direta e indiretamente para o bom funcionamento deste Poder, zelando pela presta\u00e7\u00e3o de um servi\u00e7o eficiente. Tais pr\u00e1ticas s\u00e3o essenciais para manter a motiva\u00e7\u00e3o e, consequentemente, estimular a realiza\u00e7\u00e3o de um trabalho, cada vez mais, organizado, qualificado e em prol da coletividade valenciana</i>\u201d, frisou.</p>\r\n<p>\u00a0</p>\r\n<p>\u00a0</p>\r\n<p align=\"right\">A\u00e9cio Fl\u00e1vio Silva de Sousa</p>\r\n<p align=\"right\">Gestor de Conte\u00fado Digital</p>\r\n<p>\u00a0</p>", "author_name": "Interlegis", "version": "1.0", "author_url": "https://www.valenca.ba.leg.br/author/Interlegis", "provider_name": "C\u00e2mara Municipal de Valen\u00e7a-Ba", "type": "rich"}